{"id":64406,"date":"2025-11-05T11:10:18","date_gmt":"2025-11-05T10:10:18","guid":{"rendered":"https:\/\/canarycompany.com\/holiday-in-tazacorte\/"},"modified":"2025-11-07T10:21:58","modified_gmt":"2025-11-07T09:21:58","slug":"vacaciones-en-tazacorte","status":"publish","type":"post","link":"https:\/\/canarycompany.com\/es\/vacaciones-en-tazacorte\/","title":{"rendered":"Vacaciones en Tazacorte"},"content":{"rendered":"\n<h2 class=\"wp-block-heading\">Vacaciones en Tazacorte &#8211; El Municipio m\u00e1s Soleado de La Palma<\/h2>\n\n\n\n<p>Tazacorte es conocida como el municipio m\u00e1s soleado de la isla. Con su casco hist\u00f3rico de colores, sus largas playas y su animado puerto, es el lugar ideal para unas vacaciones inolvidables, llenas de sol y buena vida.<\/p>\n\n\n\n<h3 class=\"wp-block-heading\">Lo m\u00e1s destacado en Tazacorte<\/h3>\n\n\n\n<h4 class=\"wp-block-heading\"><strong>Casco Hist\u00f3rico<\/strong><\/h4>\n\n\n\n<p>El casco hist\u00f3rico, con sus coloridas casas, peque\u00f1as plazas y estrechas calles, desprende un encanto \u00fanico. Aqu\u00ed podr\u00e1n pasear tranquilamente y experimentar el aut\u00e9ntico estilo de vida canario.<\/p>\n\n\n\n<h4 class=\"wp-block-heading\"><strong>Museo del Pl\u00e1tano<\/strong><\/h4>\n\n\n\n<p>Un <a href=\"https:\/\/visitlapalma.es\/museos-y-visitas-de-interes\/la-palma\/museo-del-platano\/\" target=\"_blank\" rel=\"noreferrer noopener\">museo<\/a> dedicado a la fruta m\u00e1s importante de la isla. Explica todo sobre el cultivo, la historia y la relevancia econ\u00f3mica del pl\u00e1tano en La Palma.<\/p>\n\n\n\n<h4 class=\"wp-block-heading\"><strong>Playa de Tazacorte<\/strong><\/h4>\n\n\n\n<p>Esta amplia playa, galardonada con la Bandera Azul por la excelente calidad de sus aguas y servicios, es una de las m\u00e1s populares de La Palma. Su fina arena oscura y el mar tranquilo la convierten en un lugar ideal para nadar, tomar el sol y relajarse. A lo largo del paseo mar\u00edtimo encontrar\u00e1n numerosos restaurantes, caf\u00e9s y bares donde podr\u00e1n disfrutar de pescado fresco, tapas y especialidades locales con unas vistas al mar impresionantes. Ya sea que busquen un ba\u00f1o refrescante, un tranquilo paseo al atardecer o un almuerzo relajado junto al oc\u00e9ano, la Playa de Tazacorte ofrece el escenario perfecto.<\/p>\n\n\n\n<h4 class=\"wp-block-heading\"><strong><\/strong><strong>Puerto y Excursiones en Barco<\/strong><\/h4>\n\n\n\n<p>Desde el puerto parten rutas de avistamiento de delfines y ballenas, adem\u00e1s de excursiones rom\u00e1nticas al atardecer.<\/p>\n\n\n\n<h3 class=\"wp-block-heading\">Gastronom\u00eda en Tazacorte<\/h3>\n\n\n\n<p>El pueblo ofrece numerosos restaurantes y bares:<\/p>\n\n\n\n<ul>\n<li>El Sitio &#8211; cocina moderna en un entorno elegante<\/li>\n\n\n\n<li>Los Lavaderos &#8211; platos locales en un ambiente hist\u00f3rico<\/li>\n\n\n\n<li>El Tr\u00e9bol &#8211; especializado en pescado<\/li>\n\n\n\n<li>Marmota Bar &#8211; c\u00f3cteles con vistas al atardecer<\/li>\n\n\n\n<li>Re-Belle &#8211; cocina creativa y diferente<\/li>\n<\/ul>\n\n\n\n<h3 class=\"wp-block-heading\">Casas de Vacaciones en Tazacorte<\/h3>\n\n\n\n<p>Imaginen despertarse con el sonido del oc\u00e9ano, disfrutar del desayuno con vistas al mar y pasar el d\u00eda junto a su piscina privada o en la playa cercana: as\u00ed se siente unas vacaciones en Tazacorte. Las casas vacacionales aqu\u00ed ofrecen la combinaci\u00f3n perfecta de confort, estilo y sol. \u00a1Estaremos encantados de ayudarles a encontrar la casa ideal para su estancia!<\/p>\n\n\n\n<h3 class=\"wp-block-heading\">Donde el Sol se Encuentra con el Mar: Nuestras Casas Favoritas en Tazacorte<\/h3>\n\n\n\n<h4 class=\"wp-block-heading\"><strong><a href=\"https:\/\/canarycompany.com\/es\/casa-rural\/casa-la-costa\/\">Casa La Costa<\/a> &#8211; Acogedora casa de vacaciones a solamente 130 m sobre el nivel del mar<\/strong>.<\/h4>\n\n\n\n<div class=\"wp-block-columns is-layout-flex wp-container-core-columns-layout-1 wp-block-columns-is-layout-flex\">\n<div class=\"wp-block-column is-layout-flow wp-block-column-is-layout-flow\">\n<figure class=\"wp-block-image size-full\"><a href=\"https:\/\/canarycompany.com\/es\/casa-rural\/casa-la-costa\/\"><img decoding=\"async\" width=\"850\" height=\"567\" src=\"https:\/\/canarycompany.com\/cdn-cgi\/image\/width=850,quality=75,format=auto\/wp-content\/uploads\/2015\/02\/Casa-La-Costa-Ferienhaus-Tazacorte.jpg\" alt=\"Casa La Costa, Vacation Rental Tazacorte\" class=\"wp-image-48926\" srcset=\"https:\/\/canarycompany.com\/cdn-cgi\/image\/width=850,quality=75,format=auto\/wp-content\/uploads\/2015\/02\/Casa-La-Costa-Ferienhaus-Tazacorte.jpg 850w, https:\/\/canarycompany.com\/cdn-cgi\/image\/width=850,quality=75,format=auto\/wp-content\/uploads\/2015\/02\/Casa-La-Costa-Ferienhaus-Tazacorte-768x512.jpg 768w, https:\/\/canarycompany.com\/cdn-cgi\/image\/width=850,quality=75,format=auto\/wp-content\/uploads\/2015\/02\/Casa-La-Costa-Ferienhaus-Tazacorte-180x120.jpg 180w\" sizes=\"(max-width: 850px) 100vw, 850px\" \/><\/a><\/figure>\n<\/div>\n\n\n\n<div class=\"wp-block-column is-layout-flow wp-block-column-is-layout-flow\">\n<figure class=\"wp-block-image size-full\"><a href=\"https:\/\/canarycompany.com\/es\/casa-rural\/casa-la-costa\/\"><img decoding=\"async\" width=\"850\" height=\"567\" src=\"https:\/\/canarycompany.com\/cdn-cgi\/image\/width=850,quality=75,format=auto\/wp-content\/uploads\/2015\/02\/Essbereich-Casa-La-Costa-Ferienhaus-Tazacorte.jpg\" alt=\"Dining Area, Casa La Costa, Vacation Rental Tazacorte\" class=\"wp-image-48956\" srcset=\"https:\/\/canarycompany.com\/cdn-cgi\/image\/width=850,quality=75,format=auto\/wp-content\/uploads\/2015\/02\/Essbereich-Casa-La-Costa-Ferienhaus-Tazacorte.jpg 850w, https:\/\/canarycompany.com\/cdn-cgi\/image\/width=850,quality=75,format=auto\/wp-content\/uploads\/2015\/02\/Essbereich-Casa-La-Costa-Ferienhaus-Tazacorte-768x512.jpg 768w, https:\/\/canarycompany.com\/cdn-cgi\/image\/width=850,quality=75,format=auto\/wp-content\/uploads\/2015\/02\/Essbereich-Casa-La-Costa-Ferienhaus-Tazacorte-180x120.jpg 180w\" sizes=\"(max-width: 850px) 100vw, 850px\" \/><\/a><\/figure>\n<\/div>\n<\/div>\n\n\n\n<div style=\"height:30px\" aria-hidden=\"true\" class=\"wp-block-spacer\"><\/div>\n\n\n\n<h4 class=\"wp-block-heading\"><strong><a href=\"https:\/\/canarycompany.com\/es\/casa-rural\/villa-veni\/\">Villa Veni<\/a> &#8211; Moderna casa de vacaciones con piscina privada y vistas impresionantes al mar.<\/strong><\/h4>\n\n\n\n<div class=\"wp-block-columns is-layout-flex wp-container-core-columns-layout-2 wp-block-columns-is-layout-flex\">\n<div class=\"wp-block-column is-layout-flow wp-block-column-is-layout-flow\">\n<figure class=\"wp-block-image size-full\"><a href=\"https:\/\/canarycompany.com\/es\/casa-rural\/villa-veni\/\"><img decoding=\"async\" width=\"850\" height=\"567\" src=\"https:\/\/canarycompany.com\/cdn-cgi\/image\/width=850,quality=75,format=auto\/wp-content\/uploads\/2015\/02\/Villa-Veni-Ferienhaus-Tazacorte-La-Palma.jpg\" alt=\"Villa Veni, Holiday Villa La Palma\" class=\"wp-image-61255\" srcset=\"https:\/\/canarycompany.com\/cdn-cgi\/image\/width=850,quality=75,format=auto\/wp-content\/uploads\/2015\/02\/Villa-Veni-Ferienhaus-Tazacorte-La-Palma.jpg 850w, https:\/\/canarycompany.com\/cdn-cgi\/image\/width=850,quality=75,format=auto\/wp-content\/uploads\/2015\/02\/Villa-Veni-Ferienhaus-Tazacorte-La-Palma-768x512.jpg 768w, https:\/\/canarycompany.com\/cdn-cgi\/image\/width=850,quality=75,format=auto\/wp-content\/uploads\/2015\/02\/Villa-Veni-Ferienhaus-Tazacorte-La-Palma-180x120.jpg 180w\" sizes=\"(max-width: 850px) 100vw, 850px\" \/><\/a><\/figure>\n<\/div>\n\n\n\n<div class=\"wp-block-column is-layout-flow wp-block-column-is-layout-flow\">\n<figure class=\"wp-block-image size-full\"><a href=\"https:\/\/canarycompany.com\/es\/casa-rural\/villa-veni\/\"><img decoding=\"async\" width=\"850\" height=\"567\" src=\"https:\/\/canarycompany.com\/cdn-cgi\/image\/width=850,quality=75,format=auto\/wp-content\/uploads\/2015\/02\/Wohnkuche-Villa-Veni-Ferienhaus-Tazacorte-La-Palma.jpg\" alt=\"Living Area with Kitchen, Villa Veni, Holiday Villa La Palma\" class=\"wp-image-61216\" srcset=\"https:\/\/canarycompany.com\/cdn-cgi\/image\/width=850,quality=75,format=auto\/wp-content\/uploads\/2015\/02\/Wohnkuche-Villa-Veni-Ferienhaus-Tazacorte-La-Palma.jpg 850w, https:\/\/canarycompany.com\/cdn-cgi\/image\/width=850,quality=75,format=auto\/wp-content\/uploads\/2015\/02\/Wohnkuche-Villa-Veni-Ferienhaus-Tazacorte-La-Palma-768x512.jpg 768w, https:\/\/canarycompany.com\/cdn-cgi\/image\/width=850,quality=75,format=auto\/wp-content\/uploads\/2015\/02\/Wohnkuche-Villa-Veni-Ferienhaus-Tazacorte-La-Palma-180x120.jpg 180w\" sizes=\"(max-width: 850px) 100vw, 850px\" \/><\/a><\/figure>\n<\/div>\n<\/div>\n\n\n\n<div style=\"height:30px\" aria-hidden=\"true\" class=\"wp-block-spacer\"><\/div>\n\n\n\n<h4 class=\"wp-block-heading\"><strong><a href=\"https:\/\/canarycompany.com\/es\/casa-rural\/villa-imperial\/\">Villa Imperial<\/a> &#8211; Lujosa villa de estilo colonial con ambiente exclusivo y cerca de la playa.<\/strong><\/h4>\n\n\n\n<div class=\"wp-block-columns is-layout-flex wp-container-core-columns-layout-3 wp-block-columns-is-layout-flex\">\n<div class=\"wp-block-column is-layout-flow wp-block-column-is-layout-flow\">\n<figure class=\"wp-block-image size-full\"><a href=\"https:\/\/canarycompany.com\/es\/casa-rural\/villa-imperial\/\"><img decoding=\"async\" width=\"850\" height=\"567\" src=\"https:\/\/canarycompany.com\/cdn-cgi\/image\/width=850,quality=75,format=auto\/wp-content\/uploads\/2015\/02\/Ausblick-Villa-Imperial-Ferienhaus-La-Palma-Tazacorte.jpg\" alt=\"View, Villa Imperial, Villa Tazacorte with Pool\" class=\"wp-image-48442\" srcset=\"https:\/\/canarycompany.com\/cdn-cgi\/image\/width=850,quality=75,format=auto\/wp-content\/uploads\/2015\/02\/Ausblick-Villa-Imperial-Ferienhaus-La-Palma-Tazacorte.jpg 850w, https:\/\/canarycompany.com\/cdn-cgi\/image\/width=850,quality=75,format=auto\/wp-content\/uploads\/2015\/02\/Ausblick-Villa-Imperial-Ferienhaus-La-Palma-Tazacorte-768x512.jpg 768w, https:\/\/canarycompany.com\/cdn-cgi\/image\/width=850,quality=75,format=auto\/wp-content\/uploads\/2015\/02\/Ausblick-Villa-Imperial-Ferienhaus-La-Palma-Tazacorte-180x120.jpg 180w\" sizes=\"(max-width: 850px) 100vw, 850px\" \/><\/a><\/figure>\n<\/div>\n\n\n\n<div class=\"wp-block-column is-layout-flow wp-block-column-is-layout-flow\">\n<figure class=\"wp-block-image size-full\"><a href=\"https:\/\/canarycompany.com\/es\/casa-rural\/villa-imperial\/\"><img decoding=\"async\" width=\"850\" height=\"567\" src=\"https:\/\/canarycompany.com\/cdn-cgi\/image\/width=850,quality=75,format=auto\/wp-content\/uploads\/2015\/02\/Schlafzimmer-Villa-Imperial-Ferienhaus-Tazacorte.jpg\" alt=\"Bedroom, Villa Imperial, Villa Tazacorte with Pool\" class=\"wp-image-48402\" srcset=\"https:\/\/canarycompany.com\/cdn-cgi\/image\/width=850,quality=75,format=auto\/wp-content\/uploads\/2015\/02\/Schlafzimmer-Villa-Imperial-Ferienhaus-Tazacorte.jpg 850w, https:\/\/canarycompany.com\/cdn-cgi\/image\/width=850,quality=75,format=auto\/wp-content\/uploads\/2015\/02\/Schlafzimmer-Villa-Imperial-Ferienhaus-Tazacorte-768x512.jpg 768w, https:\/\/canarycompany.com\/cdn-cgi\/image\/width=850,quality=75,format=auto\/wp-content\/uploads\/2015\/02\/Schlafzimmer-Villa-Imperial-Ferienhaus-Tazacorte-180x120.jpg 180w\" sizes=\"(max-width: 850px) 100vw, 850px\" \/><\/a><\/figure>\n<\/div>\n<\/div>\n\n\n\n<div style=\"height:30px\" aria-hidden=\"true\" class=\"wp-block-spacer\"><\/div>\n\n\n\n<h4 class=\"wp-block-heading\"><strong><a href=\"https:\/\/canarycompany.com\/es\/casa-rural\/casa-alba-marina\/\">Casa Alba Marina<\/a> &#8211; La hermosa residencia vacacional enamora a los visitantes.<\/strong><\/h4>\n\n\n\n<div class=\"wp-block-columns is-layout-flex wp-container-core-columns-layout-4 wp-block-columns-is-layout-flex\">\n<div class=\"wp-block-column is-layout-flow wp-block-column-is-layout-flow\">\n<figure class=\"wp-block-image size-full\"><a href=\"https:\/\/canarycompany.com\/es\/casa-rural\/casa-alba-marina\/\"><img decoding=\"async\" width=\"850\" height=\"567\" src=\"https:\/\/canarycompany.com\/cdn-cgi\/image\/width=850,quality=75,format=auto\/wp-content\/uploads\/2015\/02\/Casa-Alba-Marina-Ferienhaus-Tazacorte-La-Palma.jpg\" alt=\"Casa Alba Marina, Holiday Villa Tazacorte\" class=\"wp-image-53318\" srcset=\"https:\/\/canarycompany.com\/cdn-cgi\/image\/width=850,quality=75,format=auto\/wp-content\/uploads\/2015\/02\/Casa-Alba-Marina-Ferienhaus-Tazacorte-La-Palma.jpg 850w, https:\/\/canarycompany.com\/cdn-cgi\/image\/width=850,quality=75,format=auto\/wp-content\/uploads\/2015\/02\/Casa-Alba-Marina-Ferienhaus-Tazacorte-La-Palma-768x512.jpg 768w, https:\/\/canarycompany.com\/cdn-cgi\/image\/width=850,quality=75,format=auto\/wp-content\/uploads\/2015\/02\/Casa-Alba-Marina-Ferienhaus-Tazacorte-La-Palma-180x120.jpg 180w\" sizes=\"(max-width: 850px) 100vw, 850px\" \/><\/a><\/figure>\n<\/div>\n\n\n\n<div class=\"wp-block-column is-layout-flow wp-block-column-is-layout-flow\">\n<figure class=\"wp-block-image size-full\"><a href=\"https:\/\/canarycompany.com\/es\/casa-rural\/casa-alba-marina\/\"><img decoding=\"async\" width=\"850\" height=\"567\" src=\"https:\/\/canarycompany.com\/cdn-cgi\/image\/width=850,quality=75,format=auto\/wp-content\/uploads\/2015\/02\/Casa-Alba-Marina-Ausblick-Ferienhaus-Tazacorte-Kanaren.jpg\" alt=\"Casa Alba Marina, View, Holiday Villa Tazacorte, Canary Islands\" class=\"wp-image-53288\" srcset=\"https:\/\/canarycompany.com\/cdn-cgi\/image\/width=850,quality=75,format=auto\/wp-content\/uploads\/2015\/02\/Casa-Alba-Marina-Ausblick-Ferienhaus-Tazacorte-Kanaren.jpg 850w, https:\/\/canarycompany.com\/cdn-cgi\/image\/width=850,quality=75,format=auto\/wp-content\/uploads\/2015\/02\/Casa-Alba-Marina-Ausblick-Ferienhaus-Tazacorte-Kanaren-768x512.jpg 768w, https:\/\/canarycompany.com\/cdn-cgi\/image\/width=850,quality=75,format=auto\/wp-content\/uploads\/2015\/02\/Casa-Alba-Marina-Ausblick-Ferienhaus-Tazacorte-Kanaren-180x120.jpg 180w\" sizes=\"(max-width: 850px) 100vw, 850px\" \/><\/a><\/figure>\n<\/div>\n<\/div>\n\n\n\n<div style=\"height:30px\" aria-hidden=\"true\" class=\"wp-block-spacer\"><\/div>\n\n\n\n<h4 class=\"wp-block-heading\"><strong><a href=\"https:\/\/canarycompany.com\/es\/casa-rural\/villa-marina-deluxe-ii\/\">Villa Marina Deluxe II<\/a> &#8211; Disfruta de la m\u00e1xima comodidad y de impresionantes vistas al mar.<\/strong><\/h4>\n\n\n\n<div class=\"wp-block-columns is-layout-flex wp-container-core-columns-layout-5 wp-block-columns-is-layout-flex\">\n<div class=\"wp-block-column is-layout-flow wp-block-column-is-layout-flow\">\n<figure class=\"wp-block-image size-full\"><a href=\"https:\/\/canarycompany.com\/es\/casa-rural\/villa-marina-deluxe-ii\/\"><img decoding=\"async\" width=\"850\" height=\"567\" src=\"https:\/\/canarycompany.com\/cdn-cgi\/image\/width=850,quality=75,format=auto\/wp-content\/uploads\/2015\/02\/Pool-Villa-Marina-Deluxe-2-Ferienhaus-Tazacorte.jpg\" alt=\"Pool, Villa Marina Deluxe 2, Villa Tazacorte\" class=\"wp-image-61087\" srcset=\"https:\/\/canarycompany.com\/cdn-cgi\/image\/width=850,quality=75,format=auto\/wp-content\/uploads\/2015\/02\/Pool-Villa-Marina-Deluxe-2-Ferienhaus-Tazacorte.jpg 850w, https:\/\/canarycompany.com\/cdn-cgi\/image\/width=850,quality=75,format=auto\/wp-content\/uploads\/2015\/02\/Pool-Villa-Marina-Deluxe-2-Ferienhaus-Tazacorte-768x512.jpg 768w, https:\/\/canarycompany.com\/cdn-cgi\/image\/width=850,quality=75,format=auto\/wp-content\/uploads\/2015\/02\/Pool-Villa-Marina-Deluxe-2-Ferienhaus-Tazacorte-180x120.jpg 180w\" sizes=\"(max-width: 850px) 100vw, 850px\" \/><\/a><\/figure>\n<\/div>\n\n\n\n<div class=\"wp-block-column is-layout-flow wp-block-column-is-layout-flow\">\n<figure class=\"wp-block-image size-full\"><a href=\"https:\/\/canarycompany.com\/es\/casa-rural\/villa-marina-deluxe-ii\/\"><img decoding=\"async\" width=\"850\" height=\"567\" src=\"https:\/\/canarycompany.com\/cdn-cgi\/image\/width=850,quality=75,format=auto\/wp-content\/uploads\/2015\/02\/Wohnbereich-Villa-Marina-Deluxe-2-Ferienhaus-Tazacorte.jpg\" alt=\"Living Area, Villa Marina Deluxe 2, Villa Tazacorte\" class=\"wp-image-61099\" srcset=\"https:\/\/canarycompany.com\/cdn-cgi\/image\/width=850,quality=75,format=auto\/wp-content\/uploads\/2015\/02\/Wohnbereich-Villa-Marina-Deluxe-2-Ferienhaus-Tazacorte.jpg 850w, https:\/\/canarycompany.com\/cdn-cgi\/image\/width=850,quality=75,format=auto\/wp-content\/uploads\/2015\/02\/Wohnbereich-Villa-Marina-Deluxe-2-Ferienhaus-Tazacorte-768x512.jpg 768w, https:\/\/canarycompany.com\/cdn-cgi\/image\/width=850,quality=75,format=auto\/wp-content\/uploads\/2015\/02\/Wohnbereich-Villa-Marina-Deluxe-2-Ferienhaus-Tazacorte-180x120.jpg 180w\" sizes=\"(max-width: 850px) 100vw, 850px\" \/><\/a><\/figure>\n<\/div>\n<\/div>\n\n\n\n<div style=\"height:30px\" aria-hidden=\"true\" class=\"wp-block-spacer\"><\/div>\n\n\n\n<p>\u00bfA\u00fan no ha encontrado la casa de vacaciones ideal? Explore <a href=\"https:\/\/canarycompany.com\/es\/casas-rurales-la-palma\/\">toda nuestra selecci\u00f3n de casas vacacionales<\/a> o cont\u00e1ctenos directamente. \u00a1Estaremos encantados de ayudarle a encontrar el alojamiento perfecto &#8211; La Palma le espera!<\/p>\n","protected":false},"excerpt":{"rendered":"<p>Vacaciones en Tazacorte &#8211; El Municipio m\u00e1s Soleado de La Palma Tazacorte es conocida como el municipio m\u00e1s soleado de la isla. Con su casco hist\u00f3rico de colores, sus largas playas y su animado puerto, es el lugar ideal para unas vacaciones inolvidables, llenas de sol y buena vida. Lo m\u00e1s destacado en Tazacorte Casco [&hellip;]<\/p>\n","protected":false},"author":526,"featured_media":64392,"comment_status":"open","ping_status":"open","sticky":false,"template":"","format":"standard","meta":{"_acf_changed":false,"footnotes":""},"categories":[1113,1134],"tags":[],"yst_prominent_words":[5335,7442,4773,4934,4939,8562,4997],"acf":[],"_links":{"self":[{"href":"https:\/\/canarycompany.com\/es\/wp-json\/wp\/v2\/posts\/64406"}],"collection":[{"href":"https:\/\/canarycompany.com\/es\/wp-json\/wp\/v2\/posts"}],"about":[{"href":"https:\/\/canarycompany.com\/es\/wp-json\/wp\/v2\/types\/post"}],"author":[{"embeddable":true,"href":"https:\/\/canarycompany.com\/es\/wp-json\/wp\/v2\/users\/526"}],"replies":[{"embeddable":true,"href":"https:\/\/canarycompany.com\/es\/wp-json\/wp\/v2\/comments?post=64406"}],"version-history":[{"count":14,"href":"https:\/\/canarycompany.com\/es\/wp-json\/wp\/v2\/posts\/64406\/revisions"}],"predecessor-version":[{"id":64428,"href":"https:\/\/canarycompany.com\/es\/wp-json\/wp\/v2\/posts\/64406\/revisions\/64428"}],"wp:featuredmedia":[{"embeddable":true,"href":"https:\/\/canarycompany.com\/es\/wp-json\/wp\/v2\/media\/64392"}],"wp:attachment":[{"href":"https:\/\/canarycompany.com\/es\/wp-json\/wp\/v2\/media?parent=64406"}],"wp:term":[{"taxonomy":"category","embeddable":true,"href":"https:\/\/canarycompany.com\/es\/wp-json\/wp\/v2\/categories?post=64406"},{"taxonomy":"post_tag","embeddable":true,"href":"https:\/\/canarycompany.com\/es\/wp-json\/wp\/v2\/tags?post=64406"},{"taxonomy":"yst_prominent_words","embeddable":true,"href":"https:\/\/canarycompany.com\/es\/wp-json\/wp\/v2\/yst_prominent_words?post=64406"}],"curies":[{"name":"wp","href":"https:\/\/api.w.org\/{rel}","templated":true}]}}